{"id":3710,"date":"2022-04-07T15:45:50","date_gmt":"2022-04-07T15:45:50","guid":{"rendered":"https:\/\/12ape.org\/wp2\/?p=3710"},"modified":"2022-09-27T13:46:18","modified_gmt":"2022-09-27T13:46:18","slug":"vocaciones-franciscanas%e2%80%8b","status":"publish","type":"post","link":"https:\/\/12ape.org\/wp2\/2022\/04\/07\/vocaciones-franciscanas%e2%80%8b\/","title":{"rendered":"VOCACIONES FRANCISCANAS\u200b"},"content":{"rendered":"\t\t<div class=\"elementor elementor-3710\">\n\t\t\t<div class=\"elementor-inner\">\n\t\t\t\t<div class=\"elementor-section-wrap\">\n\t\t\t\t\t\t\t<section data-id=\"967b13d\" class=\"elementor-element elementor-element-967b13d elementor-section-boxed elementor-section-height-default elementor-section-height-default elementor-section elementor-top-section\" data-element_type=\"section\">\n\t\t\t\t\t\t<div class=\"elementor-container elementor-column-gap-default\">\n\t\t\t\t<div class=\"elementor-row\">\n\t\t\t\t<div data-id=\"f6f6c4c\" class=\"elementor-element elementor-element-f6f6c4c elementor-column elementor-col-100 elementor-top-column\" data-element_type=\"column\">\n\t\t\t<div class=\"elementor-column-wrap\">\n\t\t\t\t\t<div class=\"elementor-widget-wrap\">\n\t\t\t\t\t\t<\/div>\n\t\t\t<\/div>\n\t\t<\/div>\n\t\t\t\t\t\t<\/div>\n\t\t\t<\/div>\n\t\t<\/section>\n\t\t\t\t<section data-id=\"fd3379f\" class=\"elementor-element elementor-element-fd3379f elementor-section-full_width elementor-section-height-default elementor-section-height-default elementor-section elementor-top-section\" data-settings=\"{&quot;background_background&quot;:&quot;classic&quot;}\" data-element_type=\"section\">\n\t\t\t\t\t\t<div class=\"elementor-container elementor-column-gap-default\">\n\t\t\t\t<div class=\"elementor-row\">\n\t\t\t\t<div data-id=\"946d2de\" class=\"elementor-element elementor-element-946d2de elementor-column elementor-col-100 elementor-top-column\" data-element_type=\"column\">\n\t\t\t<div class=\"elementor-column-wrap elementor-element-populated\">\n\t\t\t\t\t<div class=\"elementor-widget-wrap\">\n\t\t\t\t<div data-id=\"70a2a23\" class=\"elementor-element elementor-element-70a2a23 elementor-widget elementor-widget-heading\" data-element_type=\"heading.default\">\n\t\t\t\t<div class=\"elementor-widget-container\">\n\t\t\t<h2 class=\"elementor-heading-title elementor-size-default\">VOCACIONES FRANCISCANAS\u200b<\/h2>\t\t<\/div>\n\t\t\t\t<\/div>\n\t\t\t\t<div data-id=\"23b64b5\" class=\"elementor-element elementor-element-23b64b5 elementor-widget elementor-widget-text-editor\" data-element_type=\"text-editor.default\">\n\t\t\t\t<div class=\"elementor-widget-container\">\n\t\t\t\t\t<div class=\"elementor-text-editor elementor-clearfix\"><h3 class=\"entry-title\">\u00a1TU TAMBI\u00c9N PUEDES SER FRANCISCANO!\u00a0<\/h3><h3 class=\"entry-title\">II CONVIVENCIA NACIONAL DE ASPIRANTES FRANCISCANOS DEL 03 AL 11 DE JULIO DE 2022<\/h3><\/div>\n\t\t\t\t<\/div>\n\t\t\t\t<\/div>\n\t\t\t\t\t\t<\/div>\n\t\t\t<\/div>\n\t\t<\/div>\n\t\t\t\t\t\t<\/div>\n\t\t\t<\/div>\n\t\t<\/section>\n\t\t\t\t<section data-id=\"9a9bbb5\" class=\"elementor-element elementor-element-9a9bbb5 elementor-section-full_width elementor-section-height-default elementor-section-height-default elementor-section elementor-top-section\" data-settings=\"{&quot;background_background&quot;:&quot;classic&quot;}\" data-element_type=\"section\">\n\t\t\t\t\t\t<div class=\"elementor-container elementor-column-gap-default\">\n\t\t\t\t<div class=\"elementor-row\">\n\t\t\t\t<div data-id=\"2ce8ea9\" class=\"elementor-element elementor-element-2ce8ea9 elementor-column elementor-col-50 elementor-top-column\" data-element_type=\"column\">\n\t\t\t<div class=\"elementor-column-wrap elementor-element-populated\">\n\t\t\t\t\t<div class=\"elementor-widget-wrap\">\n\t\t\t\t<div data-id=\"ceb0d67\" class=\"elementor-element elementor-element-ceb0d67 elementor-widget elementor-widget-image\" data-element_type=\"image.default\">\n\t\t\t\t<div class=\"elementor-widget-container\">\n\t\t\t\t\t<div class=\"elementor-image\">\n\t\t\t\t\t\t\t\t\t\t<img width=\"671\" height=\"1024\" src=\"https:\/\/12ape.org\/wp2\/wp-content\/uploads\/2022\/04\/vocaciones-franciscanas-WUILLAM-1-671x1024.jpg\" class=\"attachment-large size-large\" alt=\"\" decoding=\"async\" loading=\"lazy\" srcset=\"https:\/\/12ape.org\/wp2\/wp-content\/uploads\/2022\/04\/vocaciones-franciscanas-WUILLAM-1-671x1024.jpg 671w, https:\/\/12ape.org\/wp2\/wp-content\/uploads\/2022\/04\/vocaciones-franciscanas-WUILLAM-1-197x300.jpg 197w, https:\/\/12ape.org\/wp2\/wp-content\/uploads\/2022\/04\/vocaciones-franciscanas-WUILLAM-1-768x1172.jpg 768w, https:\/\/12ape.org\/wp2\/wp-content\/uploads\/2022\/04\/vocaciones-franciscanas-WUILLAM-1.jpg 1036w\" sizes=\"(max-width: 671px) 100vw, 671px\" \/>\t\t\t\t\t\t\t\t\t\t\t<\/div>\n\t\t\t\t<\/div>\n\t\t\t\t<\/div>\n\t\t\t\t\t\t<\/div>\n\t\t\t<\/div>\n\t\t<\/div>\n\t\t\t\t<div data-id=\"19d9a72\" class=\"elementor-element elementor-element-19d9a72 elementor-column elementor-col-50 elementor-top-column\" data-element_type=\"column\">\n\t\t\t<div class=\"elementor-column-wrap elementor-element-populated\">\n\t\t\t\t\t<div class=\"elementor-widget-wrap\">\n\t\t\t\t<div data-id=\"8139f17\" class=\"elementor-element elementor-element-8139f17 elementor-widget elementor-widget-text-editor\" data-element_type=\"text-editor.default\">\n\t\t\t\t<div class=\"elementor-widget-container\">\n\t\t\t\t\t<div class=\"elementor-text-editor elementor-clearfix\"><p>Nuestro Padre San Francisco de As\u00eds aprendi\u00f3 a descubrir el llamado de Dios a trav\u00e9s de una pregunta:\u00a0<strong>\u201cSe\u00f1or, \u00bfqu\u00e9 quieres que haga?\u201d<\/strong>\u00a0(TC 6). Con un coraz\u00f3n disponible, Francisco fue haciendo suyo los h\u00e1bitos de oraci\u00f3n y reflexi\u00f3n, reconociendo progresivamente el llamado de Dios en su vida. De aqu\u00ed que, desde lo m\u00e1s profundo de su coraz\u00f3n, Francisco de As\u00eds desear\u00e1 seguir m\u00e1s de cerca a nuestro Se\u00f1or Jesucristo, una vida en minoridad y fraternidad que Cristo mismo nos invita a asumir desde el Santo Evangelio.<\/p><p>Al igual que nuestro Padre\u00a0<strong>San Francisco de As\u00eds<\/strong>, muchos hombres nos hemos sentido llamados a seguir m\u00e1s de cerca a nuestro Se\u00f1or Jesucristo compartiendo una vida con sabor a Evangelio, viviendo los consejos evang\u00e9licos de pobreza, castidad y obediencia, y haciendo posible el Reinado de Dios en nuestros d\u00edas. Es as\u00ed como nace la Orden de Frailes Menores haciendo presencia en el Per\u00fa por m\u00e1s de 476 a\u00f1os, m\u00e1s de cuatro siglos de historia en la que t\u00fa tambi\u00e9n puedes ser protagonista al compartir nuestra experiencia:<\/p><ul><li>Siguiendo a nuestro Se\u00f1or Jesucristo<\/li><li>Buscando la paz y el bien<\/li><li>Anunciando el Santo Evangelio en minoridad y fraternidad<\/li><li>Cuidando de la creaci\u00f3n y de la casa com\u00fan<\/li><li>Promoviendo la justicia y bienestar entre los m\u00e1s d\u00e9biles y pobres.<\/li><\/ul><p>Si llevas a\u00a0<strong>Jesucristo<\/strong>\u00a0presente en tu vida, si te apasionan los sue\u00f1os de fraternidad universal y amor por los m\u00e1s d\u00e9biles y pobres del mundo, si te sientes atra\u00eddo por una vida consagrada en fraternidad y minoridad dedicada a la oraci\u00f3n, estudio, y servicio misional; si tienes entre 17 y 32 a\u00f1os de edad, te invitamos a participar de la II Convivencia Nacional de Aspirantes Franciscanos del 03 al 11 de julio de 2022 en el Convento San Francisco de Lima. \u00a1T\u00fa tambi\u00e9n puedes ser franciscano! \u00a1T\u00fa tambi\u00e9n puedes compartir tu amor y pasi\u00f3n por Dios y por la entera creaci\u00f3n!<\/p><p>Ac\u00e9rcate y dialoga con nuestros promotores vocacionales de la Provincia Franciscana de los XII Ap\u00f3stoles del Per\u00fa:<\/p><ul><li><strong>Fray Wuillam Caruajulca Enciso, OFM +51 979771029 &#8211; wuillam_4@hotmail.com<\/strong><\/li><\/ul><\/div>\n\t\t\t\t<\/div>\n\t\t\t\t<\/div>\n\t\t\t\t\t\t<\/div>\n\t\t\t<\/div>\n\t\t<\/div>\n\t\t\t\t\t\t<\/div>\n\t\t\t<\/div>\n\t\t<\/section>\n\t\t\t\t<section data-id=\"06e11fe\" class=\"elementor-element elementor-element-06e11fe elementor-section-full_width elementor-section-height-default elementor-section-height-default elementor-section elementor-top-section\" data-element_type=\"section\">\n\t\t\t\t\t\t<div class=\"elementor-container elementor-column-gap-default\">\n\t\t\t\t<div class=\"elementor-row\">\n\t\t\t\t<div data-id=\"52e6c88\" class=\"elementor-element elementor-element-52e6c88 elementor-column elementor-col-100 elementor-top-column\" data-element_type=\"column\">\n\t\t\t<div class=\"elementor-column-wrap elementor-element-populated\">\n\t\t\t\t\t<div class=\"elementor-widget-wrap\">\n\t\t\t\t<div data-id=\"38bd9ed\" class=\"elementor-element elementor-element-38bd9ed elementor-widget elementor-widget-image-gallery\" data-element_type=\"image-gallery.default\">\n\t\t\t\t<div class=\"elementor-widget-container\">\n\t\t\t\t\t<div class=\"elementor-image-gallery\">\n\t\t\t<div id='gallery-1' class='gallery galleryid-3710 gallery-columns-3 gallery-size-medium'><figure class='gallery-item'>\n\t\t\t<div class='gallery-icon portrait'>\n\t\t\t\t<a data-elementor-open-lightbox=\"default\" data-elementor-lightbox-slideshow=\"38bd9ed\" href='https:\/\/12ape.org\/wp2\/wp-content\/uploads\/2022\/04\/WhatsApp-Image-2022-04-07-at-12.03.01-PM.jpeg'><img width=\"197\" height=\"300\" src=\"https:\/\/12ape.org\/wp2\/wp-content\/uploads\/2022\/04\/WhatsApp-Image-2022-04-07-at-12.03.01-PM-197x300.jpeg\" class=\"attachment-medium size-medium\" alt=\"\" decoding=\"async\" loading=\"lazy\" srcset=\"https:\/\/12ape.org\/wp2\/wp-content\/uploads\/2022\/04\/WhatsApp-Image-2022-04-07-at-12.03.01-PM-197x300.jpeg 197w, https:\/\/12ape.org\/wp2\/wp-content\/uploads\/2022\/04\/WhatsApp-Image-2022-04-07-at-12.03.01-PM-768x1172.jpeg 768w, https:\/\/12ape.org\/wp2\/wp-content\/uploads\/2022\/04\/WhatsApp-Image-2022-04-07-at-12.03.01-PM-671x1024.jpeg 671w, https:\/\/12ape.org\/wp2\/wp-content\/uploads\/2022\/04\/WhatsApp-Image-2022-04-07-at-12.03.01-PM.jpeg 839w\" sizes=\"(max-width: 197px) 100vw, 197px\" \/><\/a>\n\t\t\t<\/div><\/figure><figure class='gallery-item'>\n\t\t\t<div class='gallery-icon portrait'>\n\t\t\t\t<a data-elementor-open-lightbox=\"default\" data-elementor-lightbox-slideshow=\"38bd9ed\" href='https:\/\/12ape.org\/wp2\/wp-content\/uploads\/2022\/04\/WhatsApp-Image-2022-04-06-at-10.28.42-PM-2.jpeg'><img width=\"212\" height=\"300\" src=\"https:\/\/12ape.org\/wp2\/wp-content\/uploads\/2022\/04\/WhatsApp-Image-2022-04-06-at-10.28.42-PM-2-212x300.jpeg\" class=\"attachment-medium size-medium\" alt=\"\" decoding=\"async\" loading=\"lazy\" srcset=\"https:\/\/12ape.org\/wp2\/wp-content\/uploads\/2022\/04\/WhatsApp-Image-2022-04-06-at-10.28.42-PM-2-212x300.jpeg 212w, https:\/\/12ape.org\/wp2\/wp-content\/uploads\/2022\/04\/WhatsApp-Image-2022-04-06-at-10.28.42-PM-2.jpeg 720w\" sizes=\"(max-width: 212px) 100vw, 212px\" \/><\/a>\n\t\t\t<\/div><\/figure><figure class='gallery-item'>\n\t\t\t<div class='gallery-icon portrait'>\n\t\t\t\t<a data-elementor-open-lightbox=\"default\" data-elementor-lightbox-slideshow=\"38bd9ed\" href='https:\/\/12ape.org\/wp2\/wp-content\/uploads\/2022\/04\/WhatsApp-Image-2022-04-06-at-10.28.42-PM-1.jpeg'><img width=\"212\" height=\"300\" src=\"https:\/\/12ape.org\/wp2\/wp-content\/uploads\/2022\/04\/WhatsApp-Image-2022-04-06-at-10.28.42-PM-1-212x300.jpeg\" class=\"attachment-medium size-medium\" alt=\"\" decoding=\"async\" loading=\"lazy\" srcset=\"https:\/\/12ape.org\/wp2\/wp-content\/uploads\/2022\/04\/WhatsApp-Image-2022-04-06-at-10.28.42-PM-1-212x300.jpeg 212w, https:\/\/12ape.org\/wp2\/wp-content\/uploads\/2022\/04\/WhatsApp-Image-2022-04-06-at-10.28.42-PM-1.jpeg 720w\" sizes=\"(max-width: 212px) 100vw, 212px\" \/><\/a>\n\t\t\t<\/div><\/figure>\n\t\t<\/div>\n\t\t<\/div>\n\t\t\t\t<\/div>\n\t\t\t\t<\/div>\n\t\t\t\t\t\t<\/div>\n\t\t\t<\/div>\n\t\t<\/div>\n\t\t\t\t\t\t<\/div>\n\t\t\t<\/div>\n\t\t<\/section>\n\t\t\t\t\t\t<\/div>\n\t\t\t<\/div>\n\t\t<\/div>\n\t\t","protected":false},"excerpt":{"rendered":"<p>VOCACIONES FRANCISCANAS\u200b \u00a1TU TAMBI\u00c9N PUEDES SER FRANCISCANO! II CONVIVENCIA NACIONAL DE ASPIRANTES FRANCISCANOS DEL 03 AL 11 DE JULIO DE 2022 Nuestro Padre San Francisco de As\u00eds aprendi\u00f3 a descubrir el llamado de Dios a trav\u00e9s de una pregunta:\u00a0\u201cSe\u00f1or, \u00bfqu\u00e9 quieres que haga?\u201d\u00a0(TC 6). Con un coraz\u00f3n disponible, Francisco fue haciendo suyo los h\u00e1bitos de [&hellip;]<\/p>\n","protected":false},"author":1,"featured_media":3725,"comment_status":"open","ping_status":"open","sticky":false,"template":"elementor_header_footer","format":"standard","meta":[],"categories":[3,7],"tags":[],"_links":{"self":[{"href":"https:\/\/12ape.org\/wp2\/wp-json\/wp\/v2\/posts\/3710"}],"collection":[{"href":"https:\/\/12ape.org\/wp2\/wp-json\/wp\/v2\/posts"}],"about":[{"href":"https:\/\/12ape.org\/wp2\/wp-json\/wp\/v2\/types\/post"}],"author":[{"embeddable":true,"href":"https:\/\/12ape.org\/wp2\/wp-json\/wp\/v2\/users\/1"}],"replies":[{"embeddable":true,"href":"https:\/\/12ape.org\/wp2\/wp-json\/wp\/v2\/comments?post=3710"}],"version-history":[{"count":13,"href":"https:\/\/12ape.org\/wp2\/wp-json\/wp\/v2\/posts\/3710\/revisions"}],"predecessor-version":[{"id":3937,"href":"https:\/\/12ape.org\/wp2\/wp-json\/wp\/v2\/posts\/3710\/revisions\/3937"}],"wp:featuredmedia":[{"embeddable":true,"href":"https:\/\/12ape.org\/wp2\/wp-json\/wp\/v2\/media\/3725"}],"wp:attachment":[{"href":"https:\/\/12ape.org\/wp2\/wp-json\/wp\/v2\/media?parent=3710"}],"wp:term":[{"taxonomy":"category","embeddable":true,"href":"https:\/\/12ape.org\/wp2\/wp-json\/wp\/v2\/categories?post=3710"},{"taxonomy":"post_tag","embeddable":true,"href":"https:\/\/12ape.org\/wp2\/wp-json\/wp\/v2\/tags?post=3710"}],"curies":[{"name":"wp","href":"https:\/\/api.w.org\/{rel}","templated":true}]}}